{"id":417,"date":"2016-08-12T10:01:48","date_gmt":"2016-08-12T08:01:48","guid":{"rendered":"http:\/\/www.cadooh.de\/?p=417"},"modified":"2020-04-02T11:33:13","modified_gmt":"2020-04-02T09:33:13","slug":"artlaender-schwarzbrot-im-weckglas","status":"publish","type":"post","link":"https:\/\/www.cadooh.de\/index.php\/2016\/08\/12\/artlaender-schwarzbrot-im-weckglas\/","title":{"rendered":"Artl\u00e4nder Schwarzbrot im Weckglas"},"content":{"rendered":"<p>1-2x im Jahr muss ich es einfach backen.<br \/>\nEs gibt nichts Besseres und Ges\u00fcnderes als selbstgebackenes Brot und diese Variante eines Schwarzbrotes im Glas l\u00e4\u00dft sich frisch transportieren, verschenken oder auch zum Campen mitnehmen. Mit dicker, guter Butter, einem Hauch Meersalz oder einer Prise frisch gemahlenen <span style=\"color: #800000;\"><a style=\"color: #800000;\" href=\"https:\/\/www.cadooh.de\/index.php\/2016\/09\/04\/buetterken-salz-fuer-die-muehle\/\" target=\"_blank\" rel=\"noopener\">B\u00fctterken-Salz<\/a><\/span> eine kulinarische Delikatesse.<!--more--><br \/>\n<img loading=\"lazy\" decoding=\"async\" class=\"alignleft\" src=\"https:\/\/www.cadooh.de\/wp-content\/uploads\/2016\/08\/Schwarzbrot1.jpg\" alt=\"\" width=\"350\" height=\"266\" \/><\/p>\n<p>&nbsp;<\/p>\n<p>&nbsp;<\/p>\n<p>Nicht ganz Low Carb, aber allemal eine S\u00fcnde wert<img decoding=\"async\" src=\"https:\/\/www.cadooh.de\/wp-content\/plugins\/wp-edit\/plugins\/emoticons\/img\/smiley-wink.gif\" \/><br \/>\nDas Rezept in der Art ist vielfach im Web zu finden.<br \/>\nAus all denen buk ich mein eigenes.<\/p>\n<p>&nbsp;<\/p>\n<p><strong>&#8222;Artl\u00e4nder Schwarzbrot im Weckglas&#8220;<br \/>\n<\/strong><em>Artland\u00b4s brown bread in an preserving jar &#8230; Homemade &#8230;<\/em><strong><br \/>\n<\/strong><\/p>\n<p><em>(Menge: f\u00fcr 3 gro\u00dfe Sturz- oder Weckgl\u00e4ser \u00e0 850-870 ml)<\/em><\/p>\n<p>1\/2 l Buttermilch ( evtl. Ersatz: Milch + 1 EL frische Zitronensaft)<br \/>\n100g Zuckerr\u00fcbensirup<br \/>\n1 frischer W\u00fcrfel Hefe<br \/>\n150g Joghurt (1,8 %)<br \/>\n125g Roggenvollkornmehl (fein geschrotet)<br \/>\n125g Dinkelvollkornmehl (fein geschrotet)<br \/>\n125g Weizenvollkornmehl (fein geschrotet)<br \/>\n125g Weizenbrotmehl (1600)<br \/>\n100g Sonnenblumenkerne<br \/>\n25g Leinsamen<br \/>\n1 EL Salz<br \/>\n1 Tl Zuckerkuleur<br \/>\nHaferflocken<br \/>\nButter zum Ausfetten<\/p>\n<p>Vorweg die Sturzgl\u00e4ser mit Butter ausfetten. Dieses geht sehr gut mit Einmalhandschuhen.<br \/>\nHaferflocken einstreuen, so dass sie am buttrigen Rand festkleben.<br \/>\nButtermilch und R\u00fcbensirup in einen Topf geben und langsam erw\u00e4rmen.<br \/>\nNicht hei\u00dfer als 37\u00b0C werden lassen.<br \/>\nWenn man einen Finger ohne Schmerzen eintauchen kann,<br \/>\nist es Zeit jetzt die Hefe einzubr\u00f6seln und aufl\u00f6sen zu lassen. Sch\u00f6n r\u00fchren!<br \/>\nDie restlichen trockenen Zutaten in einer gro\u00dfen Sch\u00fcssel vermengen und<br \/>\nmit der lauwarmen Hefe-Milch &amp; dem Zuckerkuleur vermischen.<br \/>\nEs entsteht eine z\u00e4hfl\u00fcssige, dunkle Teigmasse, die nun vorsichtig bis zur H\u00e4lfte<br \/>\nin die Sturzgl\u00e4ser gef\u00fcllt wird.<br \/>\nOben drauf eine paar Haferflocken streuen. Die Sturzgl\u00e4ser werden mit Alufolie abgedeckt.<br \/>\nDie Unterseite etwas anbuttern, damit der aufgehende Teig nicht daran festklebt.<br \/>\nDie Weckgl\u00e4ser k\u00f6nnen mit den passenden Glasdeckeln abgedeckt werden.<\/p>\n<p>Bei 150\u00b0C Ober- und Unterhitze die Schwarzbrote ca. 3,5 Std. backen.<br \/>\nSt\u00e4bchenprobe erw\u00fcnscht.<\/p>\n<p>Nach der langen Zeit die normalen Sturzgl\u00e4ser mit den Twist-off-Deckeln schlie\u00dfen<br \/>\nund im ausgeschalteten Backofen nachziehen lassen.<\/p>\n<p>Die Weckgl\u00e4ser nehme ich meist nur als Backform.<br \/>\nFalls man die Brote wecktechnisch verschlie\u00dfen will,<br \/>\nsollte man die Gummiringe vorher in Wasser quellen lassen.<br \/>\nEs entsteht nicht immer ein Vakuum, so dass man vielleicht den Twistis den Vorzug geben sollte.<br \/>\nAber die Weckis sehen soooo toll vintage aus&#8230;<\/p>\n<p>TIPP: Die Brote lassen sich vorz\u00fcglich einfrieren.<br \/>\nUnd wie das immer mit einem leckeren Schwarzbrot ist,<br \/>\nnach Tagen des Ruhens schmeckts am Besten.<br \/>\nSo sch\u00f6n schwarz und durchgezogen&#8230;hmmmmh&#8230;.<\/p>\n<p>Als &#8222;Geschenk aus der K\u00fcche&#8220; in eine braune T\u00fcte packen<br \/>\nund mit einem h\u00fcbschen Etikett versehen, z.B. mit diesem:<\/p>\n<p><img loading=\"lazy\" decoding=\"async\" class=\"\" src=\"https:\/\/www.cadooh.de\/wp-content\/uploads\/2016\/08\/EtiketteSchwarzbrot.jpg\" alt=\"\" width=\"600\" height=\"239\" \/><\/p>\n<p><del>Demn\u00e4chst<\/del> Jetzt gebloggt gibt\u00b4s noch ein <span style=\"color: #333399;\"><strong><a style=\"color: #333399;\" href=\"https:\/\/www.cadooh.de\/index.php\/2016\/12\/19\/mein-dinkel-vollkornbrot-im-glas\/\" target=\"_blank\" rel=\"noopener\">&#8222;Dinkelbrot aus dem Glas&#8220;<\/a><\/strong><\/span><br \/>\nund &#8222;<span style=\"color: #800000;\"><a style=\"color: #800000;\" href=\"https:\/\/www.cadooh.de\/index.php\/2016\/09\/04\/buetterken-salz-fuer-die-muehle\/\" target=\"_blank\" rel=\"noopener\"><strong>das B\u00fctterken-M\u00fchlen-Salz<\/strong><\/a><\/span>&#8222;.<br \/>\nBleibt also backend spannend bei mir in meiner Artl\u00e4nder K\u00fcche<img decoding=\"async\" src=\"https:\/\/www.cadooh.de\/wp-content\/plugins\/wp-edit\/plugins\/emoticons\/img\/smiley-wink.gif\" \/><\/p>\n<p>Habt Spa\u00df beim Nachbacken und Brotm\u00fcmmeln!<br \/>\nLiebe Wochenendgr\u00fc\u00dfe aus Menslage<\/p>\n<p>Birgit<\/p>\n","protected":false},"excerpt":{"rendered":"<p>1-2x im Jahr muss ich es einfach backen. Es gibt nichts Besseres und Ges\u00fcnderes als selbstgebackenes Brot und diese&hellip;<\/p>\n","protected":false},"author":1,"featured_media":418,"comment_status":"open","ping_status":"open","sticky":false,"template":"","format":"standard","meta":{"footnotes":""},"categories":[182,31],"tags":[45,6,46,47],"class_list":["post-417","post","type-post","status-publish","format-standard","has-post-thumbnail","hentry","category-brote_landkueche","category-geschenke-aus-der-kueche","tag-brot","tag-geschenke-aus-der-artlandkueche","tag-schwarzbrot","tag-weckglas"],"_links":{"self":[{"href":"https:\/\/www.cadooh.de\/index.php\/wp-json\/wp\/v2\/posts\/417","targetHints":{"allow":["GET"]}}],"collection":[{"href":"https:\/\/www.cadooh.de\/index.php\/wp-json\/wp\/v2\/posts"}],"about":[{"href":"https:\/\/www.cadooh.de\/index.php\/wp-json\/wp\/v2\/types\/post"}],"author":[{"embeddable":true,"href":"https:\/\/www.cadooh.de\/index.php\/wp-json\/wp\/v2\/users\/1"}],"replies":[{"embeddable":true,"href":"https:\/\/www.cadooh.de\/index.php\/wp-json\/wp\/v2\/comments?post=417"}],"version-history":[{"count":14,"href":"https:\/\/www.cadooh.de\/index.php\/wp-json\/wp\/v2\/posts\/417\/revisions"}],"predecessor-version":[{"id":2264,"href":"https:\/\/www.cadooh.de\/index.php\/wp-json\/wp\/v2\/posts\/417\/revisions\/2264"}],"wp:featuredmedia":[{"embeddable":true,"href":"https:\/\/www.cadooh.de\/index.php\/wp-json\/wp\/v2\/media\/418"}],"wp:attachment":[{"href":"https:\/\/www.cadooh.de\/index.php\/wp-json\/wp\/v2\/media?parent=417"}],"wp:term":[{"taxonomy":"category","embeddable":true,"href":"https:\/\/www.cadooh.de\/index.php\/wp-json\/wp\/v2\/categories?post=417"},{"taxonomy":"post_tag","embeddable":true,"href":"https:\/\/www.cadooh.de\/index.php\/wp-json\/wp\/v2\/tags?post=417"}],"curies":[{"name":"wp","href":"https:\/\/api.w.org\/{rel}","templated":true}]}}